{"id":5761,"date":"2026-04-08T21:41:56","date_gmt":"2026-04-08T21:41:56","guid":{"rendered":"https:\/\/www.proton-competition.de\/ummendorf\/?p=5761"},"modified":"2026-04-08T21:43:15","modified_gmt":"2026-04-08T21:43:15","slug":"namhaftes-fahreraufgebot-und-sonderlackierung-fuer-die-european-le-mans-series-2026","status":"publish","type":"post","link":"https:\/\/www.proton-competition.de\/ummendorf\/namhaftes-fahreraufgebot-und-sonderlackierung-fuer-die-european-le-mans-series-2026\/","title":{"rendered":"Namhaftes Fahreraufgebot und Sonderlackierung f\u00fcr die European Le Mans Series 2026"},"content":{"rendered":"\n<p><strong>Das Warten hat ein Ende: Proton Competition startet in die European Le Mans Series 2026. Vom 10. bis 12. April steht mit dem 4-Stunden-Rennen von Barcelona der Saisonauftakt auf dem Circuit de Barcelona-Catalunya an. Zum vierten Mal in Folge wird das Team von Christian und Michael Ried vier Fahrzeuge in drei verschiedenen Kategorien in der Serie einsetzen.<\/strong><\/p>\n\n\n\n<p>An der Spitze der Top-Klasse, der LMP2, steht der Oreca 07 #9. Jonas Ried bestreitet sein viertes Jahr in der ELMS und erh\u00e4lt 2026 Unterst\u00fctzung von zwei neuen Teamkollegen \u2013 den beiden Ford-Werksfahrern Sebastian Priaulx und Mike Rockenfeller.<\/p>\n\n\n\n<p>Besonders wird es in der GT3-Klasse: Einer der beiden Porsche 911 GT3 R von Proton Competition tritt in einer speziellen silbernen Lackierung an, die vom legend\u00e4ren Porsche 356 SL inspiriert ist. Das Fahrzeug tr\u00e4gt die #75 zur Feier von 75 Jahren Porsche Motorsport und wird von Matt Kurzejewski, Porsche-Werksfahrer Richard Lietz und dem Australier Tom Sargent pilotiert.<\/p>\n\n\n\n<p>Ein zweiter Oreca 07 steht in den klassischen Felbermayr-Farben am Start und wird vom Vater-Sohn-Duo Horst Felbermayr Jr. und Horst Felix Felbermayr gesteuert. Zum LMP2 Pro-Am-Aufgebot #88 geh\u00f6rt zudem Landsmann Ren\u00e9 Binder, der bereits zum dritten Mal f\u00fcr das Team antritt und damit f\u00fcr eine rein \u00f6sterreichische Besatzung sorgt.<\/p>\n\n\n\n<p>Abgerundet wird der Einsatz von Bankcy, Huub van Eijndhoven und Harry King im Porsche 911 GT3 R #77. Das Trio hat eine vielversprechende Deb\u00fctsaison in der Asian Le Mans Series 2025\/26 hinter sich, in der es mit demselben Fahrzeug an den Start ging.<\/p>\n\n\n\n<p>Der aus sechs Rennen bestehende ELMS-Kalender umfasst zudem weitere 4-Stunden-Rennen in Le Castellet, Imola, Spa-Francorchamps, Silverstone und Portim\u00e3o. Fans k\u00f6nnen die gesamte Saison \u00fcber alle Rennen live und kostenlos auf <a href=\"https:\/\/plus.fiawec.com\/en\/\">FIAWEC+<\/a> verfolgen.<\/p>\n\n\n\n<h4 class=\"wp-block-heading\">Zeitplan<\/h4>\n\n\n\n<p><strong>Freitag, 10. April<\/strong><br>11:50 \u2013 13:20 Training 1<\/p>\n\n\n\n<p><strong>Samstag, 11. April<\/strong><br>10:10 \u2013 11:40 Training 2<br>15:05 \u2013 16:35 Qualifying<\/p>\n\n\n\n<p><strong>Sonntag, 12. April<\/strong><br>12:00 \u2013 16:00 Rennen<\/p>\n\n\n\n<figure class=\"wp-block-gallery has-nested-images columns-default is-cropped wp-block-gallery-1 is-layout-flex wp-block-gallery-is-layout-flex\">\n<figure class=\"wp-block-image size-large\"><a data-pswp-download=\"https:\/\/www.proton-competition.de\/ummendorf\/wp-content\/uploads\/sites\/3\/2026\/04\/2026-04-08_Proton-Competition_01-scaled.jpg\" data-pswp-height=\"2560\" data-pswp-width=\"3840\" href=\"https:\/\/www.proton-competition.de\/ummendorf\/wp-content\/uploads\/sites\/3\/2026\/04\/2026-04-08_Proton-Competition_01-3840x2560.jpg\"><img loading=\"lazy\" width=\"1280\" height=\"853\" data-id=\"5769\" src=\"https:\/\/www.proton-competition.com\/ummendorf\/wp-content\/uploads\/sites\/3\/2026\/04\/2026-04-08_Proton-Competition_01-1280x853.jpg\" alt=\"\" class=\"wp-image-5769\" srcset=\"https:\/\/www.proton-competition.de\/ummendorf\/wp-content\/uploads\/sites\/3\/2026\/04\/2026-04-08_Proton-Competition_01-1280x853.jpg 1280w, https:\/\/www.proton-competition.de\/ummendorf\/wp-content\/uploads\/sites\/3\/2026\/04\/2026-04-08_Proton-Competition_01-600x400.jpg 600w, https:\/\/www.proton-competition.de\/ummendorf\/wp-content\/uploads\/sites\/3\/2026\/04\/2026-04-08_Proton-Competition_01-768x512.jpg 768w, https:\/\/www.proton-competition.de\/ummendorf\/wp-content\/uploads\/sites\/3\/2026\/04\/2026-04-08_Proton-Competition_01-1536x1024.jpg 1536w, https:\/\/www.proton-competition.de\/ummendorf\/wp-content\/uploads\/sites\/3\/2026\/04\/2026-04-08_Proton-Competition_01-2048x1366.jpg 2048w, https:\/\/www.proton-competition.de\/ummendorf\/wp-content\/uploads\/sites\/3\/2026\/04\/2026-04-08_Proton-Competition_01-1920x1280.jpg 1920w\" sizes=\"(max-width: 1280px) 100vw, 1280px\" \/><\/a><\/figure>\n\n\n\n<figure class=\"wp-block-image size-large\"><a data-pswp-download=\"https:\/\/www.proton-competition.de\/ummendorf\/wp-content\/uploads\/sites\/3\/2026\/04\/2026-04-08_Proton-Competition_02-scaled.jpg\" data-pswp-height=\"2560\" data-pswp-width=\"3840\" href=\"https:\/\/www.proton-competition.de\/ummendorf\/wp-content\/uploads\/sites\/3\/2026\/04\/2026-04-08_Proton-Competition_02-3840x2560.jpg\"><img loading=\"lazy\" width=\"1280\" height=\"853\" data-id=\"5766\" src=\"https:\/\/www.proton-competition.com\/ummendorf\/wp-content\/uploads\/sites\/3\/2026\/04\/2026-04-08_Proton-Competition_02-1280x853.jpg\" alt=\"\" class=\"wp-image-5766\" srcset=\"https:\/\/www.proton-competition.de\/ummendorf\/wp-content\/uploads\/sites\/3\/2026\/04\/2026-04-08_Proton-Competition_02-1280x853.jpg 1280w, https:\/\/www.proton-competition.de\/ummendorf\/wp-content\/uploads\/sites\/3\/2026\/04\/2026-04-08_Proton-Competition_02-600x400.jpg 600w, https:\/\/www.proton-competition.de\/ummendorf\/wp-content\/uploads\/sites\/3\/2026\/04\/2026-04-08_Proton-Competition_02-768x512.jpg 768w, https:\/\/www.proton-competition.de\/ummendorf\/wp-content\/uploads\/sites\/3\/2026\/04\/2026-04-08_Proton-Competition_02-1536x1024.jpg 1536w, https:\/\/www.proton-competition.de\/ummendorf\/wp-content\/uploads\/sites\/3\/2026\/04\/2026-04-08_Proton-Competition_02-2048x1365.jpg 2048w, https:\/\/www.proton-competition.de\/ummendorf\/wp-content\/uploads\/sites\/3\/2026\/04\/2026-04-08_Proton-Competition_02-1920x1280.jpg 1920w\" sizes=\"(max-width: 1280px) 100vw, 1280px\" \/><\/a><\/figure>\n\n\n\n<figure class=\"wp-block-image size-large\"><a data-pswp-download=\"https:\/\/www.proton-competition.de\/ummendorf\/wp-content\/uploads\/sites\/3\/2026\/04\/2026-04-08_Proton-Competition_03-scaled.jpg\" data-pswp-height=\"2560\" data-pswp-width=\"3840\" href=\"https:\/\/www.proton-competition.de\/ummendorf\/wp-content\/uploads\/sites\/3\/2026\/04\/2026-04-08_Proton-Competition_03-3840x2560.jpg\"><img loading=\"lazy\" width=\"1280\" height=\"853\" data-id=\"5768\" src=\"https:\/\/www.proton-competition.com\/ummendorf\/wp-content\/uploads\/sites\/3\/2026\/04\/2026-04-08_Proton-Competition_03-1280x853.jpg\" alt=\"\" class=\"wp-image-5768\" srcset=\"https:\/\/www.proton-competition.de\/ummendorf\/wp-content\/uploads\/sites\/3\/2026\/04\/2026-04-08_Proton-Competition_03-1280x853.jpg 1280w, https:\/\/www.proton-competition.de\/ummendorf\/wp-content\/uploads\/sites\/3\/2026\/04\/2026-04-08_Proton-Competition_03-600x400.jpg 600w, https:\/\/www.proton-competition.de\/ummendorf\/wp-content\/uploads\/sites\/3\/2026\/04\/2026-04-08_Proton-Competition_03-768x512.jpg 768w, https:\/\/www.proton-competition.de\/ummendorf\/wp-content\/uploads\/sites\/3\/2026\/04\/2026-04-08_Proton-Competition_03-1536x1024.jpg 1536w, https:\/\/www.proton-competition.de\/ummendorf\/wp-content\/uploads\/sites\/3\/2026\/04\/2026-04-08_Proton-Competition_03-2048x1365.jpg 2048w, https:\/\/www.proton-competition.de\/ummendorf\/wp-content\/uploads\/sites\/3\/2026\/04\/2026-04-08_Proton-Competition_03-1920x1280.jpg 1920w\" sizes=\"(max-width: 1280px) 100vw, 1280px\" \/><\/a><\/figure>\n\n\n\n<figure class=\"wp-block-image size-large\"><a data-pswp-download=\"https:\/\/www.proton-competition.de\/ummendorf\/wp-content\/uploads\/sites\/3\/2026\/04\/2026-04-08_Proton-Competition_04-scaled.jpg\" data-pswp-height=\"2560\" data-pswp-width=\"3840\" href=\"https:\/\/www.proton-competition.de\/ummendorf\/wp-content\/uploads\/sites\/3\/2026\/04\/2026-04-08_Proton-Competition_04-3840x2560.jpg\"><img loading=\"lazy\" width=\"1280\" height=\"853\" data-id=\"5767\" src=\"https:\/\/www.proton-competition.com\/ummendorf\/wp-content\/uploads\/sites\/3\/2026\/04\/2026-04-08_Proton-Competition_04-1280x853.jpg\" alt=\"\" class=\"wp-image-5767\" srcset=\"https:\/\/www.proton-competition.de\/ummendorf\/wp-content\/uploads\/sites\/3\/2026\/04\/2026-04-08_Proton-Competition_04-1280x853.jpg 1280w, https:\/\/www.proton-competition.de\/ummendorf\/wp-content\/uploads\/sites\/3\/2026\/04\/2026-04-08_Proton-Competition_04-600x400.jpg 600w, https:\/\/www.proton-competition.de\/ummendorf\/wp-content\/uploads\/sites\/3\/2026\/04\/2026-04-08_Proton-Competition_04-768x512.jpg 768w, https:\/\/www.proton-competition.de\/ummendorf\/wp-content\/uploads\/sites\/3\/2026\/04\/2026-04-08_Proton-Competition_04-1536x1024.jpg 1536w, https:\/\/www.proton-competition.de\/ummendorf\/wp-content\/uploads\/sites\/3\/2026\/04\/2026-04-08_Proton-Competition_04-2048x1366.jpg 2048w, https:\/\/www.proton-competition.de\/ummendorf\/wp-content\/uploads\/sites\/3\/2026\/04\/2026-04-08_Proton-Competition_04-1920x1280.jpg 1920w\" sizes=\"(max-width: 1280px) 100vw, 1280px\" \/><\/a><\/figure>\n\n\n\n<figure class=\"wp-block-image size-large\"><a data-pswp-download=\"https:\/\/www.proton-competition.de\/ummendorf\/wp-content\/uploads\/sites\/3\/2026\/04\/2026-04-08_Proton-Competition_05-scaled.jpg\" data-pswp-height=\"2560\" data-pswp-width=\"3840\" href=\"https:\/\/www.proton-competition.de\/ummendorf\/wp-content\/uploads\/sites\/3\/2026\/04\/2026-04-08_Proton-Competition_05-3840x2560.jpg\"><img loading=\"lazy\" width=\"1280\" height=\"853\" data-id=\"5765\" src=\"https:\/\/www.proton-competition.com\/ummendorf\/wp-content\/uploads\/sites\/3\/2026\/04\/2026-04-08_Proton-Competition_05-1280x853.jpg\" alt=\"\" class=\"wp-image-5765\" srcset=\"https:\/\/www.proton-competition.de\/ummendorf\/wp-content\/uploads\/sites\/3\/2026\/04\/2026-04-08_Proton-Competition_05-1280x853.jpg 1280w, https:\/\/www.proton-competition.de\/ummendorf\/wp-content\/uploads\/sites\/3\/2026\/04\/2026-04-08_Proton-Competition_05-600x400.jpg 600w, https:\/\/www.proton-competition.de\/ummendorf\/wp-content\/uploads\/sites\/3\/2026\/04\/2026-04-08_Proton-Competition_05-768x512.jpg 768w, https:\/\/www.proton-competition.de\/ummendorf\/wp-content\/uploads\/sites\/3\/2026\/04\/2026-04-08_Proton-Competition_05-1536x1024.jpg 1536w, https:\/\/www.proton-competition.de\/ummendorf\/wp-content\/uploads\/sites\/3\/2026\/04\/2026-04-08_Proton-Competition_05-2048x1365.jpg 2048w, https:\/\/www.proton-competition.de\/ummendorf\/wp-content\/uploads\/sites\/3\/2026\/04\/2026-04-08_Proton-Competition_05-1920x1280.jpg 1920w\" sizes=\"(max-width: 1280px) 100vw, 1280px\" \/><\/a><\/figure>\n<\/figure>\n\n\n\n<p>Frei zur redaktionellen Verwendung.<br>Copyright: Porsche AG &amp; Proton Competition (Paola Depalmas)<\/p>\n","protected":false},"excerpt":{"rendered":"<p>Das Warten hat ein Ende: Proton Competition startet in die European Le Mans Series 2026. Vom 10. bis 12. April [&hellip;]<\/p>\n","protected":false},"author":5,"featured_media":5769,"comment_status":"closed","ping_status":"closed","sticky":false,"template":"","format":"standard","meta":{"footnotes":""},"categories":[1],"tags":[],"serien_fahrzeuge":[],"class_list":["post-5761","post","type-post","status-publish","format-standard","has-post-thumbnail","hentry","category-nicht-kategorisiert"],"yoast_head":"<!-- This site is optimized with the Yoast SEO plugin v27.2 - https:\/\/yoast.com\/product\/yoast-seo-wordpress\/ -->\n<title>Namhaftes Fahreraufgebot und Sonderlackierung f\u00fcr die European Le Mans Series 2026 - Proton Competition Ummendorf<\/title>\n<meta name=\"robots\" content=\"index, follow, max-snippet:-1, max-image-preview:large, max-video-preview:-1\" \/>\n<link rel=\"canonical\" href=\"https:\/\/www.proton-competition.de\/ummendorf\/namhaftes-fahreraufgebot-und-sonderlackierung-fuer-die-european-le-mans-series-2026\/\" \/>\n<meta property=\"og:locale\" content=\"de_DE\" \/>\n<meta property=\"og:type\" content=\"article\" \/>\n<meta property=\"og:title\" content=\"Namhaftes Fahreraufgebot und Sonderlackierung f\u00fcr die European Le Mans Series 2026 - Proton Competition Ummendorf\" \/>\n<meta property=\"og:description\" content=\"Das Warten hat ein Ende: Proton Competition startet in die European Le Mans Series 2026. Vom 10. bis 12. April [&hellip;]\" \/>\n<meta property=\"og:url\" content=\"https:\/\/www.proton-competition.de\/ummendorf\/namhaftes-fahreraufgebot-und-sonderlackierung-fuer-die-european-le-mans-series-2026\/\" \/>\n<meta property=\"og:site_name\" content=\"Ummendorf\" \/>\n<meta property=\"article:published_time\" content=\"2026-04-08T21:41:56+00:00\" \/>\n<meta property=\"article:modified_time\" content=\"2026-04-08T21:43:15+00:00\" \/>\n<meta property=\"og:image\" content=\"https:\/\/www.proton-competition.com\/ummendorf\/wp-content\/uploads\/sites\/3\/2026\/04\/2026-04-08_Proton-Competition_01-scaled.jpg\" \/>\n\t<meta property=\"og:image:width\" content=\"2560\" \/>\n\t<meta property=\"og:image:height\" content=\"1707\" \/>\n\t<meta property=\"og:image:type\" content=\"image\/jpeg\" \/>\n<meta name=\"author\" content=\"David Tunnicliffe\" \/>\n<meta name=\"twitter:card\" content=\"summary_large_image\" \/>\n<meta name=\"twitter:label1\" content=\"Verfasst von\" \/>\n\t<meta name=\"twitter:data1\" content=\"David Tunnicliffe\" \/>\n\t<meta name=\"twitter:label2\" content=\"Gesch\u00e4tzte Lesezeit\" \/>\n\t<meta name=\"twitter:data2\" content=\"3\u00a0Minuten\" \/>\n<script type=\"application\/ld+json\" class=\"yoast-schema-graph\">{\"@context\":\"https:\/\/schema.org\",\"@graph\":[{\"@type\":\"Article\",\"@id\":\"https:\/\/www.proton-competition.de\/ummendorf\/namhaftes-fahreraufgebot-und-sonderlackierung-fuer-die-european-le-mans-series-2026\/#article\",\"isPartOf\":{\"@id\":\"https:\/\/www.proton-competition.de\/ummendorf\/namhaftes-fahreraufgebot-und-sonderlackierung-fuer-die-european-le-mans-series-2026\/\"},\"author\":{\"name\":\"David Tunnicliffe\",\"@id\":\"https:\/\/www.proton-competition.de\/ummendorf\/#\/schema\/person\/51fe1aaaf93d3f27b6058cecf84766e9\"},\"headline\":\"Namhaftes Fahreraufgebot und Sonderlackierung f\u00fcr die European Le Mans Series 2026\",\"datePublished\":\"2026-04-08T21:41:56+00:00\",\"dateModified\":\"2026-04-08T21:43:15+00:00\",\"mainEntityOfPage\":{\"@id\":\"https:\/\/www.proton-competition.de\/ummendorf\/namhaftes-fahreraufgebot-und-sonderlackierung-fuer-die-european-le-mans-series-2026\/\"},\"wordCount\":305,\"image\":{\"@id\":\"https:\/\/www.proton-competition.de\/ummendorf\/namhaftes-fahreraufgebot-und-sonderlackierung-fuer-die-european-le-mans-series-2026\/#primaryimage\"},\"thumbnailUrl\":\"https:\/\/www.proton-competition.de\/ummendorf\/wp-content\/uploads\/sites\/3\/2026\/04\/2026-04-08_Proton-Competition_01-scaled.jpg\",\"articleSection\":[\"Nicht kategorisiert\"],\"inLanguage\":\"de\"},{\"@type\":\"WebPage\",\"@id\":\"https:\/\/www.proton-competition.de\/ummendorf\/namhaftes-fahreraufgebot-und-sonderlackierung-fuer-die-european-le-mans-series-2026\/\",\"url\":\"https:\/\/www.proton-competition.de\/ummendorf\/namhaftes-fahreraufgebot-und-sonderlackierung-fuer-die-european-le-mans-series-2026\/\",\"name\":\"Namhaftes Fahreraufgebot und Sonderlackierung f\u00fcr die European Le Mans Series 2026 - Proton Competition Ummendorf\",\"isPartOf\":{\"@id\":\"https:\/\/www.proton-competition.de\/ummendorf\/#website\"},\"primaryImageOfPage\":{\"@id\":\"https:\/\/www.proton-competition.de\/ummendorf\/namhaftes-fahreraufgebot-und-sonderlackierung-fuer-die-european-le-mans-series-2026\/#primaryimage\"},\"image\":{\"@id\":\"https:\/\/www.proton-competition.de\/ummendorf\/namhaftes-fahreraufgebot-und-sonderlackierung-fuer-die-european-le-mans-series-2026\/#primaryimage\"},\"thumbnailUrl\":\"https:\/\/www.proton-competition.de\/ummendorf\/wp-content\/uploads\/sites\/3\/2026\/04\/2026-04-08_Proton-Competition_01-scaled.jpg\",\"datePublished\":\"2026-04-08T21:41:56+00:00\",\"dateModified\":\"2026-04-08T21:43:15+00:00\",\"author\":{\"@id\":\"https:\/\/www.proton-competition.de\/ummendorf\/#\/schema\/person\/51fe1aaaf93d3f27b6058cecf84766e9\"},\"breadcrumb\":{\"@id\":\"https:\/\/www.proton-competition.de\/ummendorf\/namhaftes-fahreraufgebot-und-sonderlackierung-fuer-die-european-le-mans-series-2026\/#breadcrumb\"},\"inLanguage\":\"de\",\"potentialAction\":[{\"@type\":\"ReadAction\",\"target\":[\"https:\/\/www.proton-competition.de\/ummendorf\/namhaftes-fahreraufgebot-und-sonderlackierung-fuer-die-european-le-mans-series-2026\/\"]}]},{\"@type\":\"ImageObject\",\"inLanguage\":\"de\",\"@id\":\"https:\/\/www.proton-competition.de\/ummendorf\/namhaftes-fahreraufgebot-und-sonderlackierung-fuer-die-european-le-mans-series-2026\/#primaryimage\",\"url\":\"https:\/\/www.proton-competition.de\/ummendorf\/wp-content\/uploads\/sites\/3\/2026\/04\/2026-04-08_Proton-Competition_01-scaled.jpg\",\"contentUrl\":\"https:\/\/www.proton-competition.de\/ummendorf\/wp-content\/uploads\/sites\/3\/2026\/04\/2026-04-08_Proton-Competition_01-scaled.jpg\",\"width\":2560,\"height\":1707},{\"@type\":\"BreadcrumbList\",\"@id\":\"https:\/\/www.proton-competition.de\/ummendorf\/namhaftes-fahreraufgebot-und-sonderlackierung-fuer-die-european-le-mans-series-2026\/#breadcrumb\",\"itemListElement\":[{\"@type\":\"ListItem\",\"position\":1,\"name\":\"Start\",\"item\":\"https:\/\/www.proton-competition.de\/ummendorf\/\"},{\"@type\":\"ListItem\",\"position\":2,\"name\":\"Namhaftes Fahreraufgebot und Sonderlackierung f\u00fcr die European Le Mans Series 2026\"}]},{\"@type\":\"WebSite\",\"@id\":\"https:\/\/www.proton-competition.de\/ummendorf\/#website\",\"url\":\"https:\/\/www.proton-competition.de\/ummendorf\/\",\"name\":\"Proton Competition Ummendorf\",\"description\":\"\",\"potentialAction\":[{\"@type\":\"SearchAction\",\"target\":{\"@type\":\"EntryPoint\",\"urlTemplate\":\"https:\/\/www.proton-competition.de\/ummendorf\/?s={search_term_string}\"},\"query-input\":{\"@type\":\"PropertyValueSpecification\",\"valueRequired\":true,\"valueName\":\"search_term_string\"}}],\"inLanguage\":\"de\"},{\"@type\":\"Person\",\"@id\":\"https:\/\/www.proton-competition.de\/ummendorf\/#\/schema\/person\/51fe1aaaf93d3f27b6058cecf84766e9\",\"name\":\"David Tunnicliffe\",\"image\":{\"@type\":\"ImageObject\",\"inLanguage\":\"de\",\"@id\":\"https:\/\/secure.gravatar.com\/avatar\/4e3df827deb7ce9b7871062d1936c758217c907cfaf48ca93e31174b28359c29?s=96&d=mm&r=g\",\"url\":\"https:\/\/secure.gravatar.com\/avatar\/4e3df827deb7ce9b7871062d1936c758217c907cfaf48ca93e31174b28359c29?s=96&d=mm&r=g\",\"contentUrl\":\"https:\/\/secure.gravatar.com\/avatar\/4e3df827deb7ce9b7871062d1936c758217c907cfaf48ca93e31174b28359c29?s=96&d=mm&r=g\",\"caption\":\"David Tunnicliffe\"},\"url\":\"https:\/\/www.proton-competition.de\/ummendorf\/author\/davidtunnicliffe\/\"}]}<\/script>\n<!-- \/ Yoast SEO plugin. -->","yoast_head_json":{"title":"Namhaftes Fahreraufgebot und Sonderlackierung f\u00fcr die European Le Mans Series 2026 - Proton Competition Ummendorf","robots":{"index":"index","follow":"follow","max-snippet":"max-snippet:-1","max-image-preview":"max-image-preview:large","max-video-preview":"max-video-preview:-1"},"canonical":"https:\/\/www.proton-competition.de\/ummendorf\/namhaftes-fahreraufgebot-und-sonderlackierung-fuer-die-european-le-mans-series-2026\/","og_locale":"de_DE","og_type":"article","og_title":"Namhaftes Fahreraufgebot und Sonderlackierung f\u00fcr die European Le Mans Series 2026 - Proton Competition Ummendorf","og_description":"Das Warten hat ein Ende: Proton Competition startet in die European Le Mans Series 2026. Vom 10. bis 12. April [&hellip;]","og_url":"https:\/\/www.proton-competition.de\/ummendorf\/namhaftes-fahreraufgebot-und-sonderlackierung-fuer-die-european-le-mans-series-2026\/","og_site_name":"Ummendorf","article_published_time":"2026-04-08T21:41:56+00:00","article_modified_time":"2026-04-08T21:43:15+00:00","og_image":[{"width":2560,"height":1707,"url":"https:\/\/www.proton-competition.com\/ummendorf\/wp-content\/uploads\/sites\/3\/2026\/04\/2026-04-08_Proton-Competition_01-scaled.jpg","type":"image\/jpeg"}],"author":"David Tunnicliffe","twitter_card":"summary_large_image","twitter_misc":{"Verfasst von":"David Tunnicliffe","Gesch\u00e4tzte Lesezeit":"3\u00a0Minuten"},"schema":{"@context":"https:\/\/schema.org","@graph":[{"@type":"Article","@id":"https:\/\/www.proton-competition.de\/ummendorf\/namhaftes-fahreraufgebot-und-sonderlackierung-fuer-die-european-le-mans-series-2026\/#article","isPartOf":{"@id":"https:\/\/www.proton-competition.de\/ummendorf\/namhaftes-fahreraufgebot-und-sonderlackierung-fuer-die-european-le-mans-series-2026\/"},"author":{"name":"David Tunnicliffe","@id":"https:\/\/www.proton-competition.de\/ummendorf\/#\/schema\/person\/51fe1aaaf93d3f27b6058cecf84766e9"},"headline":"Namhaftes Fahreraufgebot und Sonderlackierung f\u00fcr die European Le Mans Series 2026","datePublished":"2026-04-08T21:41:56+00:00","dateModified":"2026-04-08T21:43:15+00:00","mainEntityOfPage":{"@id":"https:\/\/www.proton-competition.de\/ummendorf\/namhaftes-fahreraufgebot-und-sonderlackierung-fuer-die-european-le-mans-series-2026\/"},"wordCount":305,"image":{"@id":"https:\/\/www.proton-competition.de\/ummendorf\/namhaftes-fahreraufgebot-und-sonderlackierung-fuer-die-european-le-mans-series-2026\/#primaryimage"},"thumbnailUrl":"https:\/\/www.proton-competition.de\/ummendorf\/wp-content\/uploads\/sites\/3\/2026\/04\/2026-04-08_Proton-Competition_01-scaled.jpg","articleSection":["Nicht kategorisiert"],"inLanguage":"de"},{"@type":"WebPage","@id":"https:\/\/www.proton-competition.de\/ummendorf\/namhaftes-fahreraufgebot-und-sonderlackierung-fuer-die-european-le-mans-series-2026\/","url":"https:\/\/www.proton-competition.de\/ummendorf\/namhaftes-fahreraufgebot-und-sonderlackierung-fuer-die-european-le-mans-series-2026\/","name":"Namhaftes Fahreraufgebot und Sonderlackierung f\u00fcr die European Le Mans Series 2026 - Proton Competition Ummendorf","isPartOf":{"@id":"https:\/\/www.proton-competition.de\/ummendorf\/#website"},"primaryImageOfPage":{"@id":"https:\/\/www.proton-competition.de\/ummendorf\/namhaftes-fahreraufgebot-und-sonderlackierung-fuer-die-european-le-mans-series-2026\/#primaryimage"},"image":{"@id":"https:\/\/www.proton-competition.de\/ummendorf\/namhaftes-fahreraufgebot-und-sonderlackierung-fuer-die-european-le-mans-series-2026\/#primaryimage"},"thumbnailUrl":"https:\/\/www.proton-competition.de\/ummendorf\/wp-content\/uploads\/sites\/3\/2026\/04\/2026-04-08_Proton-Competition_01-scaled.jpg","datePublished":"2026-04-08T21:41:56+00:00","dateModified":"2026-04-08T21:43:15+00:00","author":{"@id":"https:\/\/www.proton-competition.de\/ummendorf\/#\/schema\/person\/51fe1aaaf93d3f27b6058cecf84766e9"},"breadcrumb":{"@id":"https:\/\/www.proton-competition.de\/ummendorf\/namhaftes-fahreraufgebot-und-sonderlackierung-fuer-die-european-le-mans-series-2026\/#breadcrumb"},"inLanguage":"de","potentialAction":[{"@type":"ReadAction","target":["https:\/\/www.proton-competition.de\/ummendorf\/namhaftes-fahreraufgebot-und-sonderlackierung-fuer-die-european-le-mans-series-2026\/"]}]},{"@type":"ImageObject","inLanguage":"de","@id":"https:\/\/www.proton-competition.de\/ummendorf\/namhaftes-fahreraufgebot-und-sonderlackierung-fuer-die-european-le-mans-series-2026\/#primaryimage","url":"https:\/\/www.proton-competition.de\/ummendorf\/wp-content\/uploads\/sites\/3\/2026\/04\/2026-04-08_Proton-Competition_01-scaled.jpg","contentUrl":"https:\/\/www.proton-competition.de\/ummendorf\/wp-content\/uploads\/sites\/3\/2026\/04\/2026-04-08_Proton-Competition_01-scaled.jpg","width":2560,"height":1707},{"@type":"BreadcrumbList","@id":"https:\/\/www.proton-competition.de\/ummendorf\/namhaftes-fahreraufgebot-und-sonderlackierung-fuer-die-european-le-mans-series-2026\/#breadcrumb","itemListElement":[{"@type":"ListItem","position":1,"name":"Start","item":"https:\/\/www.proton-competition.de\/ummendorf\/"},{"@type":"ListItem","position":2,"name":"Namhaftes Fahreraufgebot und Sonderlackierung f\u00fcr die European Le Mans Series 2026"}]},{"@type":"WebSite","@id":"https:\/\/www.proton-competition.de\/ummendorf\/#website","url":"https:\/\/www.proton-competition.de\/ummendorf\/","name":"Proton Competition Ummendorf","description":"","potentialAction":[{"@type":"SearchAction","target":{"@type":"EntryPoint","urlTemplate":"https:\/\/www.proton-competition.de\/ummendorf\/?s={search_term_string}"},"query-input":{"@type":"PropertyValueSpecification","valueRequired":true,"valueName":"search_term_string"}}],"inLanguage":"de"},{"@type":"Person","@id":"https:\/\/www.proton-competition.de\/ummendorf\/#\/schema\/person\/51fe1aaaf93d3f27b6058cecf84766e9","name":"David Tunnicliffe","image":{"@type":"ImageObject","inLanguage":"de","@id":"https:\/\/secure.gravatar.com\/avatar\/4e3df827deb7ce9b7871062d1936c758217c907cfaf48ca93e31174b28359c29?s=96&d=mm&r=g","url":"https:\/\/secure.gravatar.com\/avatar\/4e3df827deb7ce9b7871062d1936c758217c907cfaf48ca93e31174b28359c29?s=96&d=mm&r=g","contentUrl":"https:\/\/secure.gravatar.com\/avatar\/4e3df827deb7ce9b7871062d1936c758217c907cfaf48ca93e31174b28359c29?s=96&d=mm&r=g","caption":"David Tunnicliffe"},"url":"https:\/\/www.proton-competition.de\/ummendorf\/author\/davidtunnicliffe\/"}]}},"_links":{"self":[{"href":"https:\/\/www.proton-competition.de\/ummendorf\/wp-json\/wp\/v2\/posts\/5761","targetHints":{"allow":["GET"]}}],"collection":[{"href":"https:\/\/www.proton-competition.de\/ummendorf\/wp-json\/wp\/v2\/posts"}],"about":[{"href":"https:\/\/www.proton-competition.de\/ummendorf\/wp-json\/wp\/v2\/types\/post"}],"author":[{"embeddable":true,"href":"https:\/\/www.proton-competition.de\/ummendorf\/wp-json\/wp\/v2\/users\/5"}],"replies":[{"embeddable":true,"href":"https:\/\/www.proton-competition.de\/ummendorf\/wp-json\/wp\/v2\/comments?post=5761"}],"version-history":[{"count":4,"href":"https:\/\/www.proton-competition.de\/ummendorf\/wp-json\/wp\/v2\/posts\/5761\/revisions"}],"predecessor-version":[{"id":5774,"href":"https:\/\/www.proton-competition.de\/ummendorf\/wp-json\/wp\/v2\/posts\/5761\/revisions\/5774"}],"wp:featuredmedia":[{"embeddable":true,"href":"https:\/\/www.proton-competition.de\/ummendorf\/wp-json\/wp\/v2\/media\/5769"}],"wp:attachment":[{"href":"https:\/\/www.proton-competition.de\/ummendorf\/wp-json\/wp\/v2\/media?parent=5761"}],"wp:term":[{"taxonomy":"category","embeddable":true,"href":"https:\/\/www.proton-competition.de\/ummendorf\/wp-json\/wp\/v2\/categories?post=5761"},{"taxonomy":"post_tag","embeddable":true,"href":"https:\/\/www.proton-competition.de\/ummendorf\/wp-json\/wp\/v2\/tags?post=5761"},{"taxonomy":"serien_fahrzeuge","embeddable":true,"href":"https:\/\/www.proton-competition.de\/ummendorf\/wp-json\/wp\/v2\/serien_fahrzeuge?post=5761"}],"curies":[{"name":"wp","href":"https:\/\/api.w.org\/{rel}","templated":true}]}}