{"id":5800,"date":"2026-04-15T10:00:00","date_gmt":"2026-04-15T10:00:00","guid":{"rendered":"https:\/\/www.proton-competition.de\/ummendorf\/?p=5800"},"modified":"2026-04-15T10:36:48","modified_gmt":"2026-04-15T10:36:48","slug":"fia-wec-saison-startet-in-imola","status":"publish","type":"post","link":"https:\/\/www.proton-competition.de\/ummendorf\/fia-wec-saison-startet-in-imola\/","title":{"rendered":"FIA WEC-Saison startet in Imola"},"content":{"rendered":"\n<p><strong>Proton Competition startet vom 17. bis 19. April 2026 in der FIA Langstrecken-Weltmeisterschaft und l\u00e4utet damit seine 15. Saison in der Serie ein. Der Auftakt, das 6-Stunden-Rennen von Imola, findet auf dem Autodromo Internazionale Enzo e Dino Ferrari in der malerischen Emilia-Romagna statt. Dabei haben das Team aus S\u00fcddeutschland und Ford ein klares Ziel: an die positive Entwicklung ankn\u00fcpfen und weitere Podiumspl\u00e4tze sowie Siege einfahren.<\/strong><br>\u200a<br>Das Team von Christian und Michael Ried tritt mit zwei Ford Mustang LMGT3 in der hart umk\u00e4mpften LMGT3-Klasse gegen Konkurrenten von Ferrari, Porsche und Corvette an \u2013 bei acht Rennen auf f\u00fcnf verschiedenen Kontinenten.<br>\u200a<br>\u201eWir haben mit dem Ford Mustang GT3 bereits die Pole-Position und Podiumspl\u00e4tze eingefahren. Jetzt ist es an der Zeit, einen Sieg zu holen\u201c, so Teamchef Christian Ried. \u201eDa die Hersteller in dieser Klasse so dicht beieinander liegen, ist es wichtig, dass wir konstant gute Ergebnisse erzielen, um unsere Meisterschaftschancen zu maximieren.\u201c<br>\u200a<br>Dabei kann sich die Mannschaft auf zwei erfahrene Piloten verlassen: So kehren die beiden Italiener Giammarco Levorato und Stefano Gattuso f\u00fcr ihre dritte volle Saison mit dem Team zur\u00fcck. Unterst\u00fctzung erhalten sie im Ford Mustang LMGT3 #88 vom ehemaligen Formel 1-Piloten Logan Sargeant.<br>\u200a<br>Zum Aufgebot der #77 geh\u00f6ren gleich zwei neue Gesichter: Der US-Amerikaner Eric Powell und der auf Guernsey geborene Sebastian Priaulx geben ihr GT3-Deb\u00fct f\u00fcr Proton Competition. F\u00fcr Kontinuit\u00e4t in der Fahreraufstellung sorgt der Brite Ben Tuck.<br>\u200a<br>Nach dem Saisonauftakt in Imola reist die FIA WEC f\u00fcr die zweite Runde nach Spa-Francorchamps, bevor im Juni das Saisonhighlight \u2013 die 24 Stunden von Le Mans \u2013 ansteht. Es folgen drei 6-Stunden-Rennen in Brasilien, den Vereinigten Staaten und Japan, bevor die Saison im Herbst mit zwei Veranstaltungen in Katar und Bahrain endet. Das gesamte Geschehen kann live \u00fcber den neuen Streaming-Dienst der FIA WEC, <a href=\"https:\/\/plus.fiawec.com\/en\/\" id=\"https:\/\/plus.fiawec.com\/en\/\" target=\"_blank\" rel=\"noreferrer noopener\">FIAWEC+<\/a>, verfolgt werden.<\/p>\n\n\n\n<h4 class=\"wp-block-heading\">Zeitplan<\/h4>\n\n\n\n<p><strong>Freitag, 17. April<\/strong><br>10:15 \u2013 11:45 Training 1<br>15:15 \u2013 16:45 Training 2<\/p>\n\n\n\n<p><strong>Samstag, 18. April<\/strong><br>10:30 \u2013 11:30 Training 3<br>14:30 \u2013 15:00 Qualifying<\/p>\n\n\n\n<p><strong>Sonntag, 19. April<\/strong><br>13:00 \u2013 19:00 Rennen<\/p>\n\n\n\n<figure class=\"wp-block-gallery has-nested-images columns-default is-cropped wp-block-gallery-1 is-layout-flex wp-block-gallery-is-layout-flex\">\n<figure class=\"wp-block-image size-large\"><a data-pswp-download=\"https:\/\/www.proton-competition.de\/ummendorf\/wp-content\/uploads\/sites\/3\/2026\/04\/2026-04-15_Proton-Competition_02-scaled.jpg\" data-pswp-height=\"1707\" data-pswp-width=\"2560\" href=\"https:\/\/www.proton-competition.de\/ummendorf\/wp-content\/uploads\/sites\/3\/2026\/04\/2026-04-15_Proton-Competition_02-scaled.jpg\"><img loading=\"lazy\" width=\"1280\" height=\"853\" data-id=\"5803\" src=\"https:\/\/www.proton-competition.com\/ummendorf\/wp-content\/uploads\/sites\/3\/2026\/04\/2026-04-15_Proton-Competition_02-1280x853.jpg\" alt=\"\" class=\"wp-image-5803\" srcset=\"https:\/\/www.proton-competition.de\/ummendorf\/wp-content\/uploads\/sites\/3\/2026\/04\/2026-04-15_Proton-Competition_02-1280x853.jpg 1280w, https:\/\/www.proton-competition.de\/ummendorf\/wp-content\/uploads\/sites\/3\/2026\/04\/2026-04-15_Proton-Competition_02-600x400.jpg 600w, https:\/\/www.proton-competition.de\/ummendorf\/wp-content\/uploads\/sites\/3\/2026\/04\/2026-04-15_Proton-Competition_02-768x512.jpg 768w, https:\/\/www.proton-competition.de\/ummendorf\/wp-content\/uploads\/sites\/3\/2026\/04\/2026-04-15_Proton-Competition_02-1536x1024.jpg 1536w, https:\/\/www.proton-competition.de\/ummendorf\/wp-content\/uploads\/sites\/3\/2026\/04\/2026-04-15_Proton-Competition_02-2048x1366.jpg 2048w, https:\/\/www.proton-competition.de\/ummendorf\/wp-content\/uploads\/sites\/3\/2026\/04\/2026-04-15_Proton-Competition_02-1920x1280.jpg 1920w\" sizes=\"(max-width: 1280px) 100vw, 1280px\" \/><\/a><\/figure>\n\n\n\n<figure class=\"wp-block-image size-large\"><a data-pswp-download=\"https:\/\/www.proton-competition.de\/ummendorf\/wp-content\/uploads\/sites\/3\/2026\/04\/2026-04-15_Proton-Competition_01-scaled.jpg\" data-pswp-height=\"2560\" data-pswp-width=\"3840\" href=\"https:\/\/www.proton-competition.de\/ummendorf\/wp-content\/uploads\/sites\/3\/2026\/04\/2026-04-15_Proton-Competition_01-3840x2560.jpg\"><img loading=\"lazy\" width=\"1280\" height=\"853\" data-id=\"5804\" src=\"https:\/\/www.proton-competition.com\/ummendorf\/wp-content\/uploads\/sites\/3\/2026\/04\/2026-04-15_Proton-Competition_01-1280x853.jpg\" alt=\"\" class=\"wp-image-5804\" srcset=\"https:\/\/www.proton-competition.de\/ummendorf\/wp-content\/uploads\/sites\/3\/2026\/04\/2026-04-15_Proton-Competition_01-1280x853.jpg 1280w, https:\/\/www.proton-competition.de\/ummendorf\/wp-content\/uploads\/sites\/3\/2026\/04\/2026-04-15_Proton-Competition_01-600x400.jpg 600w, https:\/\/www.proton-competition.de\/ummendorf\/wp-content\/uploads\/sites\/3\/2026\/04\/2026-04-15_Proton-Competition_01-768x512.jpg 768w, https:\/\/www.proton-competition.de\/ummendorf\/wp-content\/uploads\/sites\/3\/2026\/04\/2026-04-15_Proton-Competition_01-1536x1024.jpg 1536w, https:\/\/www.proton-competition.de\/ummendorf\/wp-content\/uploads\/sites\/3\/2026\/04\/2026-04-15_Proton-Competition_01-2048x1366.jpg 2048w, https:\/\/www.proton-competition.de\/ummendorf\/wp-content\/uploads\/sites\/3\/2026\/04\/2026-04-15_Proton-Competition_01-1920x1280.jpg 1920w\" sizes=\"(max-width: 1280px) 100vw, 1280px\" \/><\/a><\/figure>\n\n\n\n<figure class=\"wp-block-image size-large\"><a data-pswp-download=\"https:\/\/www.proton-competition.de\/ummendorf\/wp-content\/uploads\/sites\/3\/2026\/04\/2026-04-15_Proton-Competition_04-scaled.jpg\" data-pswp-height=\"2560\" data-pswp-width=\"3840\" href=\"https:\/\/www.proton-competition.de\/ummendorf\/wp-content\/uploads\/sites\/3\/2026\/04\/2026-04-15_Proton-Competition_04-3840x2560.jpg\"><img loading=\"lazy\" width=\"1280\" height=\"853\" data-id=\"5801\" src=\"https:\/\/www.proton-competition.com\/ummendorf\/wp-content\/uploads\/sites\/3\/2026\/04\/2026-04-15_Proton-Competition_04-1280x853.jpg\" alt=\"\" class=\"wp-image-5801\" srcset=\"https:\/\/www.proton-competition.de\/ummendorf\/wp-content\/uploads\/sites\/3\/2026\/04\/2026-04-15_Proton-Competition_04-1280x853.jpg 1280w, https:\/\/www.proton-competition.de\/ummendorf\/wp-content\/uploads\/sites\/3\/2026\/04\/2026-04-15_Proton-Competition_04-600x400.jpg 600w, https:\/\/www.proton-competition.de\/ummendorf\/wp-content\/uploads\/sites\/3\/2026\/04\/2026-04-15_Proton-Competition_04-768x512.jpg 768w, https:\/\/www.proton-competition.de\/ummendorf\/wp-content\/uploads\/sites\/3\/2026\/04\/2026-04-15_Proton-Competition_04-1536x1024.jpg 1536w, https:\/\/www.proton-competition.de\/ummendorf\/wp-content\/uploads\/sites\/3\/2026\/04\/2026-04-15_Proton-Competition_04-2048x1365.jpg 2048w, https:\/\/www.proton-competition.de\/ummendorf\/wp-content\/uploads\/sites\/3\/2026\/04\/2026-04-15_Proton-Competition_04-1920x1280.jpg 1920w\" sizes=\"(max-width: 1280px) 100vw, 1280px\" \/><\/a><\/figure>\n\n\n\n<figure class=\"wp-block-image size-large\"><a data-pswp-download=\"https:\/\/www.proton-competition.de\/ummendorf\/wp-content\/uploads\/sites\/3\/2026\/04\/2026-04-15_Proton-Competition_03-scaled.jpg\" data-pswp-height=\"2560\" data-pswp-width=\"3840\" href=\"https:\/\/www.proton-competition.de\/ummendorf\/wp-content\/uploads\/sites\/3\/2026\/04\/2026-04-15_Proton-Competition_03-3840x2560.jpg\"><img loading=\"lazy\" width=\"1280\" height=\"853\" data-id=\"5802\" src=\"https:\/\/www.proton-competition.com\/ummendorf\/wp-content\/uploads\/sites\/3\/2026\/04\/2026-04-15_Proton-Competition_03-1280x853.jpg\" alt=\"\" class=\"wp-image-5802\" srcset=\"https:\/\/www.proton-competition.de\/ummendorf\/wp-content\/uploads\/sites\/3\/2026\/04\/2026-04-15_Proton-Competition_03-1280x853.jpg 1280w, https:\/\/www.proton-competition.de\/ummendorf\/wp-content\/uploads\/sites\/3\/2026\/04\/2026-04-15_Proton-Competition_03-600x400.jpg 600w, https:\/\/www.proton-competition.de\/ummendorf\/wp-content\/uploads\/sites\/3\/2026\/04\/2026-04-15_Proton-Competition_03-768x512.jpg 768w, https:\/\/www.proton-competition.de\/ummendorf\/wp-content\/uploads\/sites\/3\/2026\/04\/2026-04-15_Proton-Competition_03-1536x1024.jpg 1536w, https:\/\/www.proton-competition.de\/ummendorf\/wp-content\/uploads\/sites\/3\/2026\/04\/2026-04-15_Proton-Competition_03-2048x1365.jpg 2048w, https:\/\/www.proton-competition.de\/ummendorf\/wp-content\/uploads\/sites\/3\/2026\/04\/2026-04-15_Proton-Competition_03-1920x1280.jpg 1920w\" sizes=\"(max-width: 1280px) 100vw, 1280px\" \/><\/a><\/figure>\n\n\n\n<figure class=\"wp-block-image size-large\"><a data-pswp-download=\"https:\/\/www.proton-competition.de\/ummendorf\/wp-content\/uploads\/sites\/3\/2026\/04\/2026-04-15_Proton-Competition_05-scaled.jpg\" data-pswp-height=\"2560\" data-pswp-width=\"3840\" href=\"https:\/\/www.proton-competition.de\/ummendorf\/wp-content\/uploads\/sites\/3\/2026\/04\/2026-04-15_Proton-Competition_05-3840x2560.jpg\"><img loading=\"lazy\" width=\"1280\" height=\"853\" data-id=\"5805\" src=\"https:\/\/www.proton-competition.com\/ummendorf\/wp-content\/uploads\/sites\/3\/2026\/04\/2026-04-15_Proton-Competition_05-1280x853.jpg\" alt=\"\" class=\"wp-image-5805\" srcset=\"https:\/\/www.proton-competition.de\/ummendorf\/wp-content\/uploads\/sites\/3\/2026\/04\/2026-04-15_Proton-Competition_05-1280x853.jpg 1280w, https:\/\/www.proton-competition.de\/ummendorf\/wp-content\/uploads\/sites\/3\/2026\/04\/2026-04-15_Proton-Competition_05-600x400.jpg 600w, https:\/\/www.proton-competition.de\/ummendorf\/wp-content\/uploads\/sites\/3\/2026\/04\/2026-04-15_Proton-Competition_05-768x512.jpg 768w, https:\/\/www.proton-competition.de\/ummendorf\/wp-content\/uploads\/sites\/3\/2026\/04\/2026-04-15_Proton-Competition_05-1536x1024.jpg 1536w, https:\/\/www.proton-competition.de\/ummendorf\/wp-content\/uploads\/sites\/3\/2026\/04\/2026-04-15_Proton-Competition_05-2048x1365.jpg 2048w, https:\/\/www.proton-competition.de\/ummendorf\/wp-content\/uploads\/sites\/3\/2026\/04\/2026-04-15_Proton-Competition_05-1920x1280.jpg 1920w\" sizes=\"(max-width: 1280px) 100vw, 1280px\" \/><\/a><\/figure>\n<\/figure>\n\n\n\n<p>Frei zur redaktionellen Verwendung.<br>Copyright: Proton Competition (Paola Depalmas)<\/p>\n","protected":false},"excerpt":{"rendered":"<p>Proton Competition startet vom 17. bis 19. April 2026 in der FIA Langstrecken-Weltmeisterschaft und l\u00e4utet damit seine 15. Saison in [&hellip;]<\/p>\n","protected":false},"author":5,"featured_media":5815,"comment_status":"closed","ping_status":"closed","sticky":false,"template":"","format":"standard","meta":{"footnotes":""},"categories":[1],"tags":[],"serien_fahrzeuge":[],"class_list":["post-5800","post","type-post","status-publish","format-standard","has-post-thumbnail","hentry","category-nicht-kategorisiert"],"yoast_head":"<!-- This site is optimized with the Yoast SEO plugin v27.2 - https:\/\/yoast.com\/product\/yoast-seo-wordpress\/ -->\n<title>FIA WEC-Saison startet in Imola - Proton Competition Ummendorf<\/title>\n<meta name=\"robots\" content=\"index, follow, max-snippet:-1, max-image-preview:large, max-video-preview:-1\" \/>\n<link rel=\"canonical\" href=\"https:\/\/www.proton-competition.de\/ummendorf\/fia-wec-saison-startet-in-imola\/\" \/>\n<meta property=\"og:locale\" content=\"de_DE\" \/>\n<meta property=\"og:type\" content=\"article\" \/>\n<meta property=\"og:title\" content=\"FIA WEC-Saison startet in Imola - Proton Competition Ummendorf\" \/>\n<meta property=\"og:description\" content=\"Proton Competition startet vom 17. bis 19. April 2026 in der FIA Langstrecken-Weltmeisterschaft und l\u00e4utet damit seine 15. Saison in [&hellip;]\" \/>\n<meta property=\"og:url\" content=\"https:\/\/www.proton-competition.de\/ummendorf\/fia-wec-saison-startet-in-imola\/\" \/>\n<meta property=\"og:site_name\" content=\"Ummendorf\" \/>\n<meta property=\"article:published_time\" content=\"2026-04-15T10:00:00+00:00\" \/>\n<meta property=\"article:modified_time\" content=\"2026-04-15T10:36:48+00:00\" \/>\n<meta property=\"og:image\" content=\"https:\/\/www.proton-competition.com\/ummendorf\/wp-content\/uploads\/sites\/3\/2026\/04\/2026-04-15_Proton-Competition_02-scaled.jpg\" \/>\n\t<meta property=\"og:image:width\" content=\"2560\" \/>\n\t<meta property=\"og:image:height\" content=\"1707\" \/>\n\t<meta property=\"og:image:type\" content=\"image\/jpeg\" \/>\n<meta name=\"author\" content=\"David Tunnicliffe\" \/>\n<meta name=\"twitter:card\" content=\"summary_large_image\" \/>\n<meta name=\"twitter:label1\" content=\"Verfasst von\" \/>\n\t<meta name=\"twitter:data1\" content=\"David Tunnicliffe\" \/>\n\t<meta name=\"twitter:label2\" content=\"Gesch\u00e4tzte Lesezeit\" \/>\n\t<meta name=\"twitter:data2\" content=\"4\u00a0Minuten\" \/>\n<script type=\"application\/ld+json\" class=\"yoast-schema-graph\">{\"@context\":\"https:\/\/schema.org\",\"@graph\":[{\"@type\":\"Article\",\"@id\":\"https:\/\/www.proton-competition.de\/ummendorf\/fia-wec-saison-startet-in-imola\/#article\",\"isPartOf\":{\"@id\":\"https:\/\/www.proton-competition.de\/ummendorf\/fia-wec-saison-startet-in-imola\/\"},\"author\":{\"name\":\"David Tunnicliffe\",\"@id\":\"https:\/\/www.proton-competition.de\/ummendorf\/#\/schema\/person\/51fe1aaaf93d3f27b6058cecf84766e9\"},\"headline\":\"FIA WEC-Saison startet in Imola\",\"datePublished\":\"2026-04-15T10:00:00+00:00\",\"dateModified\":\"2026-04-15T10:36:48+00:00\",\"mainEntityOfPage\":{\"@id\":\"https:\/\/www.proton-competition.de\/ummendorf\/fia-wec-saison-startet-in-imola\/\"},\"wordCount\":331,\"image\":{\"@id\":\"https:\/\/www.proton-competition.de\/ummendorf\/fia-wec-saison-startet-in-imola\/#primaryimage\"},\"thumbnailUrl\":\"https:\/\/www.proton-competition.de\/ummendorf\/wp-content\/uploads\/sites\/3\/2026\/04\/2026-04-19_Proton-Competition_06-scaled.jpg\",\"articleSection\":[\"Nicht kategorisiert\"],\"inLanguage\":\"de\"},{\"@type\":\"WebPage\",\"@id\":\"https:\/\/www.proton-competition.de\/ummendorf\/fia-wec-saison-startet-in-imola\/\",\"url\":\"https:\/\/www.proton-competition.de\/ummendorf\/fia-wec-saison-startet-in-imola\/\",\"name\":\"FIA WEC-Saison startet in Imola - Proton Competition Ummendorf\",\"isPartOf\":{\"@id\":\"https:\/\/www.proton-competition.de\/ummendorf\/#website\"},\"primaryImageOfPage\":{\"@id\":\"https:\/\/www.proton-competition.de\/ummendorf\/fia-wec-saison-startet-in-imola\/#primaryimage\"},\"image\":{\"@id\":\"https:\/\/www.proton-competition.de\/ummendorf\/fia-wec-saison-startet-in-imola\/#primaryimage\"},\"thumbnailUrl\":\"https:\/\/www.proton-competition.de\/ummendorf\/wp-content\/uploads\/sites\/3\/2026\/04\/2026-04-19_Proton-Competition_06-scaled.jpg\",\"datePublished\":\"2026-04-15T10:00:00+00:00\",\"dateModified\":\"2026-04-15T10:36:48+00:00\",\"author\":{\"@id\":\"https:\/\/www.proton-competition.de\/ummendorf\/#\/schema\/person\/51fe1aaaf93d3f27b6058cecf84766e9\"},\"breadcrumb\":{\"@id\":\"https:\/\/www.proton-competition.de\/ummendorf\/fia-wec-saison-startet-in-imola\/#breadcrumb\"},\"inLanguage\":\"de\",\"potentialAction\":[{\"@type\":\"ReadAction\",\"target\":[\"https:\/\/www.proton-competition.de\/ummendorf\/fia-wec-saison-startet-in-imola\/\"]}]},{\"@type\":\"ImageObject\",\"inLanguage\":\"de\",\"@id\":\"https:\/\/www.proton-competition.de\/ummendorf\/fia-wec-saison-startet-in-imola\/#primaryimage\",\"url\":\"https:\/\/www.proton-competition.de\/ummendorf\/wp-content\/uploads\/sites\/3\/2026\/04\/2026-04-19_Proton-Competition_06-scaled.jpg\",\"contentUrl\":\"https:\/\/www.proton-competition.de\/ummendorf\/wp-content\/uploads\/sites\/3\/2026\/04\/2026-04-19_Proton-Competition_06-scaled.jpg\",\"width\":2560,\"height\":1707},{\"@type\":\"BreadcrumbList\",\"@id\":\"https:\/\/www.proton-competition.de\/ummendorf\/fia-wec-saison-startet-in-imola\/#breadcrumb\",\"itemListElement\":[{\"@type\":\"ListItem\",\"position\":1,\"name\":\"Start\",\"item\":\"https:\/\/www.proton-competition.de\/ummendorf\/\"},{\"@type\":\"ListItem\",\"position\":2,\"name\":\"FIA WEC-Saison startet in Imola\"}]},{\"@type\":\"WebSite\",\"@id\":\"https:\/\/www.proton-competition.de\/ummendorf\/#website\",\"url\":\"https:\/\/www.proton-competition.de\/ummendorf\/\",\"name\":\"Proton Competition Ummendorf\",\"description\":\"\",\"potentialAction\":[{\"@type\":\"SearchAction\",\"target\":{\"@type\":\"EntryPoint\",\"urlTemplate\":\"https:\/\/www.proton-competition.de\/ummendorf\/?s={search_term_string}\"},\"query-input\":{\"@type\":\"PropertyValueSpecification\",\"valueRequired\":true,\"valueName\":\"search_term_string\"}}],\"inLanguage\":\"de\"},{\"@type\":\"Person\",\"@id\":\"https:\/\/www.proton-competition.de\/ummendorf\/#\/schema\/person\/51fe1aaaf93d3f27b6058cecf84766e9\",\"name\":\"David Tunnicliffe\",\"image\":{\"@type\":\"ImageObject\",\"inLanguage\":\"de\",\"@id\":\"https:\/\/secure.gravatar.com\/avatar\/4e3df827deb7ce9b7871062d1936c758217c907cfaf48ca93e31174b28359c29?s=96&d=mm&r=g\",\"url\":\"https:\/\/secure.gravatar.com\/avatar\/4e3df827deb7ce9b7871062d1936c758217c907cfaf48ca93e31174b28359c29?s=96&d=mm&r=g\",\"contentUrl\":\"https:\/\/secure.gravatar.com\/avatar\/4e3df827deb7ce9b7871062d1936c758217c907cfaf48ca93e31174b28359c29?s=96&d=mm&r=g\",\"caption\":\"David Tunnicliffe\"},\"url\":\"https:\/\/www.proton-competition.de\/ummendorf\/author\/davidtunnicliffe\/\"}]}<\/script>\n<!-- \/ Yoast SEO plugin. -->","yoast_head_json":{"title":"FIA WEC-Saison startet in Imola - Proton Competition Ummendorf","robots":{"index":"index","follow":"follow","max-snippet":"max-snippet:-1","max-image-preview":"max-image-preview:large","max-video-preview":"max-video-preview:-1"},"canonical":"https:\/\/www.proton-competition.de\/ummendorf\/fia-wec-saison-startet-in-imola\/","og_locale":"de_DE","og_type":"article","og_title":"FIA WEC-Saison startet in Imola - Proton Competition Ummendorf","og_description":"Proton Competition startet vom 17. bis 19. April 2026 in der FIA Langstrecken-Weltmeisterschaft und l\u00e4utet damit seine 15. Saison in [&hellip;]","og_url":"https:\/\/www.proton-competition.de\/ummendorf\/fia-wec-saison-startet-in-imola\/","og_site_name":"Ummendorf","article_published_time":"2026-04-15T10:00:00+00:00","article_modified_time":"2026-04-15T10:36:48+00:00","og_image":[{"width":2560,"height":1707,"url":"https:\/\/www.proton-competition.com\/ummendorf\/wp-content\/uploads\/sites\/3\/2026\/04\/2026-04-15_Proton-Competition_02-scaled.jpg","type":"image\/jpeg"}],"author":"David Tunnicliffe","twitter_card":"summary_large_image","twitter_misc":{"Verfasst von":"David Tunnicliffe","Gesch\u00e4tzte Lesezeit":"4\u00a0Minuten"},"schema":{"@context":"https:\/\/schema.org","@graph":[{"@type":"Article","@id":"https:\/\/www.proton-competition.de\/ummendorf\/fia-wec-saison-startet-in-imola\/#article","isPartOf":{"@id":"https:\/\/www.proton-competition.de\/ummendorf\/fia-wec-saison-startet-in-imola\/"},"author":{"name":"David Tunnicliffe","@id":"https:\/\/www.proton-competition.de\/ummendorf\/#\/schema\/person\/51fe1aaaf93d3f27b6058cecf84766e9"},"headline":"FIA WEC-Saison startet in Imola","datePublished":"2026-04-15T10:00:00+00:00","dateModified":"2026-04-15T10:36:48+00:00","mainEntityOfPage":{"@id":"https:\/\/www.proton-competition.de\/ummendorf\/fia-wec-saison-startet-in-imola\/"},"wordCount":331,"image":{"@id":"https:\/\/www.proton-competition.de\/ummendorf\/fia-wec-saison-startet-in-imola\/#primaryimage"},"thumbnailUrl":"https:\/\/www.proton-competition.de\/ummendorf\/wp-content\/uploads\/sites\/3\/2026\/04\/2026-04-19_Proton-Competition_06-scaled.jpg","articleSection":["Nicht kategorisiert"],"inLanguage":"de"},{"@type":"WebPage","@id":"https:\/\/www.proton-competition.de\/ummendorf\/fia-wec-saison-startet-in-imola\/","url":"https:\/\/www.proton-competition.de\/ummendorf\/fia-wec-saison-startet-in-imola\/","name":"FIA WEC-Saison startet in Imola - Proton Competition Ummendorf","isPartOf":{"@id":"https:\/\/www.proton-competition.de\/ummendorf\/#website"},"primaryImageOfPage":{"@id":"https:\/\/www.proton-competition.de\/ummendorf\/fia-wec-saison-startet-in-imola\/#primaryimage"},"image":{"@id":"https:\/\/www.proton-competition.de\/ummendorf\/fia-wec-saison-startet-in-imola\/#primaryimage"},"thumbnailUrl":"https:\/\/www.proton-competition.de\/ummendorf\/wp-content\/uploads\/sites\/3\/2026\/04\/2026-04-19_Proton-Competition_06-scaled.jpg","datePublished":"2026-04-15T10:00:00+00:00","dateModified":"2026-04-15T10:36:48+00:00","author":{"@id":"https:\/\/www.proton-competition.de\/ummendorf\/#\/schema\/person\/51fe1aaaf93d3f27b6058cecf84766e9"},"breadcrumb":{"@id":"https:\/\/www.proton-competition.de\/ummendorf\/fia-wec-saison-startet-in-imola\/#breadcrumb"},"inLanguage":"de","potentialAction":[{"@type":"ReadAction","target":["https:\/\/www.proton-competition.de\/ummendorf\/fia-wec-saison-startet-in-imola\/"]}]},{"@type":"ImageObject","inLanguage":"de","@id":"https:\/\/www.proton-competition.de\/ummendorf\/fia-wec-saison-startet-in-imola\/#primaryimage","url":"https:\/\/www.proton-competition.de\/ummendorf\/wp-content\/uploads\/sites\/3\/2026\/04\/2026-04-19_Proton-Competition_06-scaled.jpg","contentUrl":"https:\/\/www.proton-competition.de\/ummendorf\/wp-content\/uploads\/sites\/3\/2026\/04\/2026-04-19_Proton-Competition_06-scaled.jpg","width":2560,"height":1707},{"@type":"BreadcrumbList","@id":"https:\/\/www.proton-competition.de\/ummendorf\/fia-wec-saison-startet-in-imola\/#breadcrumb","itemListElement":[{"@type":"ListItem","position":1,"name":"Start","item":"https:\/\/www.proton-competition.de\/ummendorf\/"},{"@type":"ListItem","position":2,"name":"FIA WEC-Saison startet in Imola"}]},{"@type":"WebSite","@id":"https:\/\/www.proton-competition.de\/ummendorf\/#website","url":"https:\/\/www.proton-competition.de\/ummendorf\/","name":"Proton Competition Ummendorf","description":"","potentialAction":[{"@type":"SearchAction","target":{"@type":"EntryPoint","urlTemplate":"https:\/\/www.proton-competition.de\/ummendorf\/?s={search_term_string}"},"query-input":{"@type":"PropertyValueSpecification","valueRequired":true,"valueName":"search_term_string"}}],"inLanguage":"de"},{"@type":"Person","@id":"https:\/\/www.proton-competition.de\/ummendorf\/#\/schema\/person\/51fe1aaaf93d3f27b6058cecf84766e9","name":"David Tunnicliffe","image":{"@type":"ImageObject","inLanguage":"de","@id":"https:\/\/secure.gravatar.com\/avatar\/4e3df827deb7ce9b7871062d1936c758217c907cfaf48ca93e31174b28359c29?s=96&d=mm&r=g","url":"https:\/\/secure.gravatar.com\/avatar\/4e3df827deb7ce9b7871062d1936c758217c907cfaf48ca93e31174b28359c29?s=96&d=mm&r=g","contentUrl":"https:\/\/secure.gravatar.com\/avatar\/4e3df827deb7ce9b7871062d1936c758217c907cfaf48ca93e31174b28359c29?s=96&d=mm&r=g","caption":"David Tunnicliffe"},"url":"https:\/\/www.proton-competition.de\/ummendorf\/author\/davidtunnicliffe\/"}]}},"_links":{"self":[{"href":"https:\/\/www.proton-competition.de\/ummendorf\/wp-json\/wp\/v2\/posts\/5800","targetHints":{"allow":["GET"]}}],"collection":[{"href":"https:\/\/www.proton-competition.de\/ummendorf\/wp-json\/wp\/v2\/posts"}],"about":[{"href":"https:\/\/www.proton-competition.de\/ummendorf\/wp-json\/wp\/v2\/types\/post"}],"author":[{"embeddable":true,"href":"https:\/\/www.proton-competition.de\/ummendorf\/wp-json\/wp\/v2\/users\/5"}],"replies":[{"embeddable":true,"href":"https:\/\/www.proton-competition.de\/ummendorf\/wp-json\/wp\/v2\/comments?post=5800"}],"version-history":[{"count":1,"href":"https:\/\/www.proton-competition.de\/ummendorf\/wp-json\/wp\/v2\/posts\/5800\/revisions"}],"predecessor-version":[{"id":5806,"href":"https:\/\/www.proton-competition.de\/ummendorf\/wp-json\/wp\/v2\/posts\/5800\/revisions\/5806"}],"wp:featuredmedia":[{"embeddable":true,"href":"https:\/\/www.proton-competition.de\/ummendorf\/wp-json\/wp\/v2\/media\/5815"}],"wp:attachment":[{"href":"https:\/\/www.proton-competition.de\/ummendorf\/wp-json\/wp\/v2\/media?parent=5800"}],"wp:term":[{"taxonomy":"category","embeddable":true,"href":"https:\/\/www.proton-competition.de\/ummendorf\/wp-json\/wp\/v2\/categories?post=5800"},{"taxonomy":"post_tag","embeddable":true,"href":"https:\/\/www.proton-competition.de\/ummendorf\/wp-json\/wp\/v2\/tags?post=5800"},{"taxonomy":"serien_fahrzeuge","embeddable":true,"href":"https:\/\/www.proton-competition.de\/ummendorf\/wp-json\/wp\/v2\/serien_fahrzeuge?post=5800"}],"curies":[{"name":"wp","href":"https:\/\/api.w.org\/{rel}","templated":true}]}}